{"id":627,"date":"2023-01-16T21:43:00","date_gmt":"2023-01-16T20:43:00","guid":{"rendered":"http:\/\/wp.grundschuleerichkaestner.de\/?p=627"},"modified":"2023-06-11T21:48:47","modified_gmt":"2023-06-11T19:48:47","slug":"skilager-2023","status":"publish","type":"post","link":"https:\/\/www.grundschuleerichkaestner.de\/?p=627","title":{"rendered":"Skilager 2023"},"content":{"rendered":"\n<p>Nach zwei Jahren konnten wir endlich wieder eine Ski-\/Snowboardfahrt anbieten. Das Interesse der Sch\u00fcler:innen war sehr gro\u00df, was uns nat\u00fcrlich besonders gefreut hat. Am Samstag, dem 07.01.2023 ging das gro\u00dfe Schneeabenteuer los. Mit dem Bus fuhren wir \u00fcber Nacht nach Mallnitz in \u00d6sterreich, wo wir in einem Jugendsporthotel untergebracht waren. Nach der Ankunft am Sonntag war zun\u00e4chst das Kennenlernen der \u00d6rtlichkeit und die Ausleihe der Ski- und Snowboardausr\u00fcstung angesagt. Die Sch\u00fcler:innen stimmten sich am Nachmittag noch mit einer Rodelpartie auf den Schnee ein. Am Montag ging es dann, f\u00fcr die meisten das erste Mal, auf die Piste und die Aufregung bei den Sch\u00fcler:innen war gro\u00df. Jeder konnte bereits in den ersten Stunden Erfolge verbuchen. Der zweite Tag war aufgrund der Wetterverh\u00e4ltnisse eine gro\u00dfe Herausforderung f\u00fcr uns ALLE. Der teilweise starke Sturm wirbelte Eiskristalle auf, die im Gesicht ordentlich prickelten. Aber ALLE haben tapfer durchgehalten und den erschwerten Bedingungen getrotzt. In den folgenden Tagen wurde das Wetter deutlich besser und Sonnenschein erhellte die Gem\u00fcter und wirkte Wunder auf die Motivation der Sch\u00fcler:innen. Von Tag zu Tag wurden sie sicherer und wollten zum Nachmittag hin nicht mehr aufh\u00f6ren, da sie gro\u00dfen Spa\u00df entwickelten, ihr K\u00f6nnen anzuwenden und die Piste selbstst\u00e4ndig mit dem Lift hochzukommen und wieder herunterzufahren. Am letzten Tag fand dann die Erich-K\u00e4stner-Schneemeisterschaft statt. Nach f\u00fcnf Tagen auf der Piste ging es dann am Samstag fr\u00fch mit dem Bus nach Hause zur\u00fcck. Am Abend konnten alle Eltern ihre Kinder wieder heil und gesund, mit ein paar blauen Flecken, die leider nicht ausbleiben, in die Arme schlie\u00dfen. Wir freuen uns schon auf n\u00e4chstes Jahr, wenn wir den Sch\u00fcler:innen wieder erm\u00f6glichen k\u00f6nnen, auf Ski-\/Snowboardfahrt zu gehen!<\/p>\n\n\n\n<figure class=\"wp-block-gallery has-nested-images columns-default is-cropped wp-block-gallery-1 is-layout-flex\">\n<figure class=\"wp-block-image size-large\"><img decoding=\"async\" loading=\"lazy\" width=\"960\" height=\"720\" data-id=\"628\"  src=\"https:\/\/www.grundschuleerichkaestner.de\/wp-content\/uploads\/2023\/06\/Skilager-Bild-2.jpg\" alt=\"\" class=\"wp-image-628\" srcset=\"https:\/\/www.grundschuleerichkaestner.de\/wp-content\/uploads\/2023\/06\/Skilager-Bild-2.jpg 960w, https:\/\/www.grundschuleerichkaestner.de\/wp-content\/uploads\/2023\/06\/Skilager-Bild-2-300x225.jpg 300w, https:\/\/www.grundschuleerichkaestner.de\/wp-content\/uploads\/2023\/06\/Skilager-Bild-2-768x576.jpg 768w\" sizes=\"(max-width: 960px) 100vw, 960px\" \/><\/figure>\n<\/figure>\n","protected":false},"excerpt":{"rendered":"<p>Nach zwei Jahren konnten wir endlich wieder eine Ski-\/Snowboardfahrt anbieten. Das Interesse der Sch\u00fcler:innen war sehr gro\u00df, was uns nat\u00fcrlich besonders gefreut hat. Am Samstag, dem 07.01.2023 ging das gro\u00dfe Schneeabenteuer los. Mit dem Bus fuhren wir \u00fcber Nacht nach Mallnitz in \u00d6sterreich, wo wir in einem Jugendsporthotel untergebracht waren. Nach der Ankunft am Sonntag &hellip;<\/p>\n<p class=\"read-more\"> <a class=\"\" href=\"https:\/\/www.grundschuleerichkaestner.de\/?p=627\"> <span class=\"screen-reader-text\">Skilager 2023<\/span> Weiterlesen \u00bb<\/a><\/p>\n","protected":false},"author":3,"featured_media":629,"comment_status":"closed","ping_status":"","sticky":false,"template":"","format":"standard","meta":{"site-sidebar-layout":"default","site-content-layout":"","ast-site-content-layout":"","site-content-style":"default","site-sidebar-style":"default","ast-global-header-display":"","ast-banner-title-visibility":"","ast-main-header-display":"","ast-hfb-above-header-display":"","ast-hfb-below-header-display":"","ast-hfb-mobile-header-display":"","site-post-title":"","ast-breadcrumbs-content":"","ast-featured-img":"","footer-sml-layout":"","theme-transparent-header-meta":"","adv-header-id-meta":"","stick-header-meta":"","header-above-stick-meta":"","header-main-stick-meta":"","header-below-stick-meta":"","astra-migrate-meta-layouts":""},"categories":[6],"tags":[],"_links":{"self":[{"href":"https:\/\/www.grundschuleerichkaestner.de\/index.php?rest_route=\/wp\/v2\/posts\/627"}],"collection":[{"href":"https:\/\/www.grundschuleerichkaestner.de\/index.php?rest_route=\/wp\/v2\/posts"}],"about":[{"href":"https:\/\/www.grundschuleerichkaestner.de\/index.php?rest_route=\/wp\/v2\/types\/post"}],"author":[{"embeddable":true,"href":"https:\/\/www.grundschuleerichkaestner.de\/index.php?rest_route=\/wp\/v2\/users\/3"}],"replies":[{"embeddable":true,"href":"https:\/\/www.grundschuleerichkaestner.de\/index.php?rest_route=%2Fwp%2Fv2%2Fcomments&post=627"}],"version-history":[{"count":1,"href":"https:\/\/www.grundschuleerichkaestner.de\/index.php?rest_route=\/wp\/v2\/posts\/627\/revisions"}],"predecessor-version":[{"id":630,"href":"https:\/\/www.grundschuleerichkaestner.de\/index.php?rest_route=\/wp\/v2\/posts\/627\/revisions\/630"}],"wp:featuredmedia":[{"embeddable":true,"href":"https:\/\/www.grundschuleerichkaestner.de\/index.php?rest_route=\/wp\/v2\/media\/629"}],"wp:attachment":[{"href":"https:\/\/www.grundschuleerichkaestner.de\/index.php?rest_route=%2Fwp%2Fv2%2Fmedia&parent=627"}],"wp:term":[{"taxonomy":"category","embeddable":true,"href":"https:\/\/www.grundschuleerichkaestner.de\/index.php?rest_route=%2Fwp%2Fv2%2Fcategories&post=627"},{"taxonomy":"post_tag","embeddable":true,"href":"https:\/\/www.grundschuleerichkaestner.de\/index.php?rest_route=%2Fwp%2Fv2%2Ftags&post=627"}],"curies":[{"name":"wp","href":"https:\/\/api.w.org\/{rel}","templated":true}]}}