{"id":2219,"date":"2026-03-10T20:59:12","date_gmt":"2026-03-10T19:59:12","guid":{"rendered":"https:\/\/www.grundschuleerichkaestner.de\/?p=2219"},"modified":"2026-03-10T21:11:26","modified_gmt":"2026-03-10T20:11:26","slug":"ski-und-snowboardfahrt-2026","status":"publish","type":"post","link":"https:\/\/www.grundschuleerichkaestner.de\/?p=2219","title":{"rendered":"Ski- und Snowboardfahrt 2026"},"content":{"rendered":"\n<p><em>Eine Woche voller Bewegung, neuer Erfahrungen und viel Spa\u00df im Schnee erlebten die Sch\u00fclerinnen und Sch\u00fcler der 5. Klassen bei der diesj\u00e4hrigen Ski- und Snowboardfahrt nach \u00d6sterreich.<\/em><br><br>Vom 27.02. bis zum 07.03. reisten unsere F\u00fcnftkl\u00e4ssler nach Seeboden in \u00d6sterreich. Die Anreise erfolgte \u00fcber Nacht mit dem Bus. Nach der Ankunft st\u00e4rkten sich alle zun\u00e4chst beim Fr\u00fchst\u00fcck, bevor die Ski- und Snowboardausr\u00fcstung ausgeliehen wurde. Anschlie\u00dfend bezogen die Sch\u00fclerinnen und Sch\u00fcler ihre Unterkunft in einem Jugendsporthotel und lernten die Umgebung kennen.<br><br>Am Sonntag ging es schlie\u00dflich auf die Piste \u2013 f\u00fcr viele Kinder zum ersten Mal. Bereits nach kurzer Zeit waren deutliche Fortschritte zu erkennen. Bei viel Sonnenschein und sehr guten Schneebedingungen verbrachten die Gruppen mehrere erlebnisreiche Tage im Skigebiet.<br><br>Ein besonderer H\u00f6hepunkt der Fahrt war die <strong>Erich-K\u00e4stner-Schneemeisterschaft<\/strong>, bei der die Sch\u00fclerinnen und Sch\u00fcler ihr K\u00f6nnen noch einmal unter Beweis stellen konnten.<br><br>Nach einer abwechslungsreichen Woche im Schnee kehrten alle wohlbehalten nach Hause zur\u00fcck, wo die Kinder bereits von ihren Eltern erwartet wurden. Wir blicken auf eine tolle Zeit mit vielen sportlichen Fortschritten, gemeinsamen Erlebnissen und jeder Menge Spa\u00df im Schnee zur\u00fcck\u2026<br><br>\u266b \u266c \u2026 mit viel guter Laune <br>oben auf der Piste,<br>unten auf der Piste,<br>vorne auf der Piste,<br>hinten auf der Piste,<br>rechts auf der Piste<br>und links auf der Piste&#8230; \u266b \u266c<\/p>\n","protected":false},"excerpt":{"rendered":"<p>Eine Woche voller Bewegung, neuer Erfahrungen und viel Spa\u00df im Schnee erlebten die Sch\u00fclerinnen und Sch\u00fcler der 5. Klassen bei der diesj\u00e4hrigen Ski- und Snowboardfahrt nach \u00d6sterreich. Vom 27.02. bis zum 07.03. reisten unsere F\u00fcnftkl\u00e4ssler nach Seeboden in \u00d6sterreich. Die Anreise erfolgte \u00fcber Nacht mit dem Bus. Nach der Ankunft st\u00e4rkten sich alle zun\u00e4chst beim &hellip;<\/p>\n<p class=\"read-more\"> <a class=\"\" href=\"https:\/\/www.grundschuleerichkaestner.de\/?p=2219\"> <span class=\"screen-reader-text\">Ski- und Snowboardfahrt 2026<\/span> Weiterlesen \u00bb<\/a><\/p>\n","protected":false},"author":3,"featured_media":2218,"comment_status":"closed","ping_status":"closed","sticky":false,"template":"","format":"standard","meta":{"site-sidebar-layout":"default","site-content-layout":"","ast-site-content-layout":"default","site-content-style":"default","site-sidebar-style":"default","ast-global-header-display":"","ast-banner-title-visibility":"","ast-main-header-display":"","ast-hfb-above-header-display":"","ast-hfb-below-header-display":"","ast-hfb-mobile-header-display":"","site-post-title":"","ast-breadcrumbs-content":"","ast-featured-img":"","footer-sml-layout":"","theme-transparent-header-meta":"","adv-header-id-meta":"","stick-header-meta":"","header-above-stick-meta":"","header-main-stick-meta":"","header-below-stick-meta":"","astra-migrate-meta-layouts":"set"},"categories":[6],"tags":[],"_links":{"self":[{"href":"https:\/\/www.grundschuleerichkaestner.de\/index.php?rest_route=\/wp\/v2\/posts\/2219"}],"collection":[{"href":"https:\/\/www.grundschuleerichkaestner.de\/index.php?rest_route=\/wp\/v2\/posts"}],"about":[{"href":"https:\/\/www.grundschuleerichkaestner.de\/index.php?rest_route=\/wp\/v2\/types\/post"}],"author":[{"embeddable":true,"href":"https:\/\/www.grundschuleerichkaestner.de\/index.php?rest_route=\/wp\/v2\/users\/3"}],"replies":[{"embeddable":true,"href":"https:\/\/www.grundschuleerichkaestner.de\/index.php?rest_route=%2Fwp%2Fv2%2Fcomments&post=2219"}],"version-history":[{"count":3,"href":"https:\/\/www.grundschuleerichkaestner.de\/index.php?rest_route=\/wp\/v2\/posts\/2219\/revisions"}],"predecessor-version":[{"id":2228,"href":"https:\/\/www.grundschuleerichkaestner.de\/index.php?rest_route=\/wp\/v2\/posts\/2219\/revisions\/2228"}],"wp:featuredmedia":[{"embeddable":true,"href":"https:\/\/www.grundschuleerichkaestner.de\/index.php?rest_route=\/wp\/v2\/media\/2218"}],"wp:attachment":[{"href":"https:\/\/www.grundschuleerichkaestner.de\/index.php?rest_route=%2Fwp%2Fv2%2Fmedia&parent=2219"}],"wp:term":[{"taxonomy":"category","embeddable":true,"href":"https:\/\/www.grundschuleerichkaestner.de\/index.php?rest_route=%2Fwp%2Fv2%2Fcategories&post=2219"},{"taxonomy":"post_tag","embeddable":true,"href":"https:\/\/www.grundschuleerichkaestner.de\/index.php?rest_route=%2Fwp%2Fv2%2Ftags&post=2219"}],"curies":[{"name":"wp","href":"https:\/\/api.w.org\/{rel}","templated":true}]}}