{"id":2142,"date":"2025-11-04T21:43:07","date_gmt":"2025-11-04T20:43:07","guid":{"rendered":"https:\/\/www.grundschuleerichkaestner.de\/?p=2142"},"modified":"2025-12-21T23:13:13","modified_gmt":"2025-12-21T22:13:13","slug":"einladung-zum-weihnachtsbasar","status":"publish","type":"post","link":"https:\/\/www.grundschuleerichkaestner.de\/?p=2142","title":{"rendered":"Einladung zum Weihnachtsbasar an unserer Schule!"},"content":{"rendered":"\n<p>Liebe Eltern, Kinder, Freunde, Familienmitglieder und Besucher, wir m\u00f6chten Sie herzlich zu unserem Weihnachtsbasar am 18.12.2025 von 15\u201318 Uhr einladen. Freuen Sie sich auf eine stimmungsvolle Atmosph\u00e4re mit vielen sch\u00f6nen \u00dcberraschungen:<br><br>&#x2728;Kreative Bastelstationen, an denen Sie verschiedene Basteleien ausprobieren k\u00f6nnen<br>&#x2728;Wundersch\u00f6ne, selbstgebastelte Weihnachtsdeko<br>&#x2728;Leckereien und warme Getr\u00e4nke f\u00fcr Ihr leibliches Wohl &#8211; Bitte ein Trinkgef\u00e4\u00df mitbringen!<br>&#x2728;Musikalische, festliche Untermalung \u2013 gemeinsames Singen eingeschlossen<br><br>Kleine Beitr\u00e4ge f\u00fcr Bastelmaterialien, Dekorationen und K\u00f6stlichkeiten tragen dazu bei, die Veranstaltung zu erm\u00f6glichen!<br>Kommen Sie vorbei, entdecken Sie Sch\u00f6nes und stimmen Sie sich gemeinsam mit uns auf Weihnachten ein! Wir freuen uns auf Ihr Kommen!&#x1f385;&#x1f31f;<\/p>\n","protected":false},"excerpt":{"rendered":"<p>Liebe Eltern, Kinder, Freunde, Familienmitglieder und Besucher, wir m\u00f6chten Sie herzlich zu unserem Weihnachtsbasar am 18.12.2025 von 15\u201318 Uhr einladen. Freuen Sie sich auf eine stimmungsvolle Atmosph\u00e4re mit vielen sch\u00f6nen \u00dcberraschungen: &#x2728;Kreative Bastelstationen, an denen Sie verschiedene Basteleien ausprobieren k\u00f6nnen&#x2728;Wundersch\u00f6ne, selbstgebastelte Weihnachtsdeko&#x2728;Leckereien und warme Getr\u00e4nke f\u00fcr Ihr leibliches Wohl &#8211; Bitte ein Trinkgef\u00e4\u00df mitbringen!&#x2728;Musikalische, festliche &hellip;<\/p>\n<p class=\"read-more\"> <a class=\"\" href=\"https:\/\/www.grundschuleerichkaestner.de\/?p=2142\"> <span class=\"screen-reader-text\">Einladung zum Weihnachtsbasar an unserer Schule!<\/span> Weiterlesen \u00bb<\/a><\/p>\n","protected":false},"author":3,"featured_media":2171,"comment_status":"closed","ping_status":"closed","sticky":false,"template":"","format":"standard","meta":{"site-sidebar-layout":"default","site-content-layout":"","ast-site-content-layout":"default","site-content-style":"default","site-sidebar-style":"default","ast-global-header-display":"","ast-banner-title-visibility":"","ast-main-header-display":"","ast-hfb-above-header-display":"","ast-hfb-below-header-display":"","ast-hfb-mobile-header-display":"","site-post-title":"","ast-breadcrumbs-content":"","ast-featured-img":"","footer-sml-layout":"","theme-transparent-header-meta":"","adv-header-id-meta":"","stick-header-meta":"","header-above-stick-meta":"","header-main-stick-meta":"","header-below-stick-meta":"","astra-migrate-meta-layouts":"set"},"categories":[4],"tags":[],"_links":{"self":[{"href":"https:\/\/www.grundschuleerichkaestner.de\/index.php?rest_route=\/wp\/v2\/posts\/2142"}],"collection":[{"href":"https:\/\/www.grundschuleerichkaestner.de\/index.php?rest_route=\/wp\/v2\/posts"}],"about":[{"href":"https:\/\/www.grundschuleerichkaestner.de\/index.php?rest_route=\/wp\/v2\/types\/post"}],"author":[{"embeddable":true,"href":"https:\/\/www.grundschuleerichkaestner.de\/index.php?rest_route=\/wp\/v2\/users\/3"}],"replies":[{"embeddable":true,"href":"https:\/\/www.grundschuleerichkaestner.de\/index.php?rest_route=%2Fwp%2Fv2%2Fcomments&post=2142"}],"version-history":[{"count":8,"href":"https:\/\/www.grundschuleerichkaestner.de\/index.php?rest_route=\/wp\/v2\/posts\/2142\/revisions"}],"predecessor-version":[{"id":2169,"href":"https:\/\/www.grundschuleerichkaestner.de\/index.php?rest_route=\/wp\/v2\/posts\/2142\/revisions\/2169"}],"wp:featuredmedia":[{"embeddable":true,"href":"https:\/\/www.grundschuleerichkaestner.de\/index.php?rest_route=\/wp\/v2\/media\/2171"}],"wp:attachment":[{"href":"https:\/\/www.grundschuleerichkaestner.de\/index.php?rest_route=%2Fwp%2Fv2%2Fmedia&parent=2142"}],"wp:term":[{"taxonomy":"category","embeddable":true,"href":"https:\/\/www.grundschuleerichkaestner.de\/index.php?rest_route=%2Fwp%2Fv2%2Fcategories&post=2142"},{"taxonomy":"post_tag","embeddable":true,"href":"https:\/\/www.grundschuleerichkaestner.de\/index.php?rest_route=%2Fwp%2Fv2%2Ftags&post=2142"}],"curies":[{"name":"wp","href":"https:\/\/api.w.org\/{rel}","templated":true}]}}