{"id":1864,"date":"2025-05-12T15:28:31","date_gmt":"2025-05-12T13:28:31","guid":{"rendered":"https:\/\/www.grundschuleerichkaestner.de\/?p=1864"},"modified":"2025-07-12T22:36:57","modified_gmt":"2025-07-12T20:36:57","slug":"1864","status":"publish","type":"post","link":"https:\/\/www.grundschuleerichkaestner.de\/?p=1864","title":{"rendered":"Tag der offenen T\u00fcr"},"content":{"rendered":"\n<div class=\"wp-block-media-text alignwide is-stacked-on-mobile\" style=\"grid-template-columns:26% auto\"><figure class=\"wp-block-media-text__media\"><img decoding=\"async\" loading=\"lazy\" width=\"647\" height=\"913\" src=\"https:\/\/www.grundschuleerichkaestner.de\/wp-content\/uploads\/2025\/05\/Tag-der-offenen-Tuer-1.jpg\" alt=\"\" class=\"wp-image-1868 size-full\" srcset=\"https:\/\/www.grundschuleerichkaestner.de\/wp-content\/uploads\/2025\/05\/Tag-der-offenen-Tuer-1.jpg 647w, https:\/\/www.grundschuleerichkaestner.de\/wp-content\/uploads\/2025\/05\/Tag-der-offenen-Tuer-1-213x300.jpg 213w\" sizes=\"(max-width: 647px) 100vw, 647px\" \/><\/figure><div class=\"wp-block-media-text__content\">\n<p>Liebe Sch\u00fclerinnen und Sch\u00fcler, liebe Eltern, liebe Freunde der Grundschule Erich K\u00e4stner, am Dienstag, dem 17.6.2025 findet von 15-18 Uhr unser Tag der offenen T\u00fcr statt. Sowohl unsere Schule als auch unser Hort stellen sich an diesem Tag vor. <br><\/p>\n<\/div><\/div>\n","protected":false},"excerpt":{"rendered":"<p>Liebe Sch\u00fclerinnen und Sch\u00fcler, liebe Eltern, liebe Freunde der Grundschule Erich K\u00e4stner, am Dienstag, dem 17.6.2025 findet von 15-18 Uhr unser Tag der offenen T\u00fcr statt. Sowohl unsere Schule als auch unser Hort stellen sich an diesem Tag vor.<\/p>\n","protected":false},"author":2,"featured_media":1865,"comment_status":"closed","ping_status":"closed","sticky":false,"template":"","format":"standard","meta":{"site-sidebar-layout":"default","site-content-layout":"","ast-site-content-layout":"default","site-content-style":"default","site-sidebar-style":"default","ast-global-header-display":"","ast-banner-title-visibility":"","ast-main-header-display":"","ast-hfb-above-header-display":"","ast-hfb-below-header-display":"","ast-hfb-mobile-header-display":"","site-post-title":"","ast-breadcrumbs-content":"","ast-featured-img":"disabled","footer-sml-layout":"","theme-transparent-header-meta":"","adv-header-id-meta":"","stick-header-meta":"","header-above-stick-meta":"","header-main-stick-meta":"","header-below-stick-meta":"","astra-migrate-meta-layouts":"set"},"categories":[4],"tags":[],"_links":{"self":[{"href":"https:\/\/www.grundschuleerichkaestner.de\/index.php?rest_route=\/wp\/v2\/posts\/1864"}],"collection":[{"href":"https:\/\/www.grundschuleerichkaestner.de\/index.php?rest_route=\/wp\/v2\/posts"}],"about":[{"href":"https:\/\/www.grundschuleerichkaestner.de\/index.php?rest_route=\/wp\/v2\/types\/post"}],"author":[{"embeddable":true,"href":"https:\/\/www.grundschuleerichkaestner.de\/index.php?rest_route=\/wp\/v2\/users\/2"}],"replies":[{"embeddable":true,"href":"https:\/\/www.grundschuleerichkaestner.de\/index.php?rest_route=%2Fwp%2Fv2%2Fcomments&post=1864"}],"version-history":[{"count":4,"href":"https:\/\/www.grundschuleerichkaestner.de\/index.php?rest_route=\/wp\/v2\/posts\/1864\/revisions"}],"predecessor-version":[{"id":1872,"href":"https:\/\/www.grundschuleerichkaestner.de\/index.php?rest_route=\/wp\/v2\/posts\/1864\/revisions\/1872"}],"wp:featuredmedia":[{"embeddable":true,"href":"https:\/\/www.grundschuleerichkaestner.de\/index.php?rest_route=\/wp\/v2\/media\/1865"}],"wp:attachment":[{"href":"https:\/\/www.grundschuleerichkaestner.de\/index.php?rest_route=%2Fwp%2Fv2%2Fmedia&parent=1864"}],"wp:term":[{"taxonomy":"category","embeddable":true,"href":"https:\/\/www.grundschuleerichkaestner.de\/index.php?rest_route=%2Fwp%2Fv2%2Fcategories&post=1864"},{"taxonomy":"post_tag","embeddable":true,"href":"https:\/\/www.grundschuleerichkaestner.de\/index.php?rest_route=%2Fwp%2Fv2%2Ftags&post=1864"}],"curies":[{"name":"wp","href":"https:\/\/api.w.org\/{rel}","templated":true}]}}