{"id":1850,"date":"2025-04-29T10:03:41","date_gmt":"2025-04-29T08:03:41","guid":{"rendered":"https:\/\/www.grundschuleerichkaestner.de\/?p=1850"},"modified":"2025-04-29T10:04:25","modified_gmt":"2025-04-29T08:04:25","slug":"21-05-25-unterrichtsende-nach-der-3-stunde-personalversammlung-der-lehrkraefte","status":"publish","type":"post","link":"https:\/\/www.grundschuleerichkaestner.de\/?p=1850","title":{"rendered":"21.05.25: Unterrichtsende nach der 3. Stunde \/ Personalversammlung der Lehrkr\u00e4fte"},"content":{"rendered":"\n<p class=\"has-text-align-left\">Liebe Eltern,<br><br>am Mittwoch, dem 21.05.2025 findet in Cottbus eine Personalversammlung f\u00fcr alle Lehrkr\u00e4fte des Landes statt. Aus diesem Grund endet der Unterricht an allen Schulen nach der 3. Stunde (bei uns um 10.25 Uhr). Die 5. und 6. Klassen haben dann Unterrichtsschluss und k\u00f6nnen durch uns nicht betreut werden. Das Essen muss evtl. f\u00fcr diesen Tag abbestellt werden. F\u00fcr die Kinder der 1.- 4. Klassen findet von 10.30 Uhr bis 12.30 Uhr eine Notbetreuung statt. Wir bitten Sie zu pr\u00fcfen, ob Ihr Kind an diesem Tag ab 10.30 Uhr von Ihnen betreut werden kann. Bitte teilen Sie den Klassenleitern bis zum 12.05.25 mit, wann Ihr Kind am 21.05.25 die Schule verl\u00e4sst, damit wir eine Betreuung absichern k\u00f6nnen. Der Hort \u00fcbernimmt die Kinder planm\u00e4\u00dfig um 12.30 Uhr. <br><br>Fabian Kristeleit<br>Schulleiter<\/p>\n","protected":false},"excerpt":{"rendered":"<p>Liebe Eltern, am Mittwoch, dem 21.05.2025 findet in Cottbus eine Personalversammlung f\u00fcr alle Lehrkr\u00e4fte des Landes statt. Aus diesem Grund endet der Unterricht an allen Schulen nach der 3. Stunde (bei uns um 10.25 Uhr). Die 5. und 6. Klassen haben dann Unterrichtsschluss und k\u00f6nnen durch uns nicht betreut werden. Das Essen muss evtl. f\u00fcr &hellip;<\/p>\n<p class=\"read-more\"> <a class=\"\" href=\"https:\/\/www.grundschuleerichkaestner.de\/?p=1850\"> <span class=\"screen-reader-text\">21.05.25: Unterrichtsende nach der 3. Stunde \/ Personalversammlung der Lehrkr\u00e4fte<\/span> Weiterlesen \u00bb<\/a><\/p>\n","protected":false},"author":3,"featured_media":1852,"comment_status":"closed","ping_status":"","sticky":false,"template":"","format":"standard","meta":{"site-sidebar-layout":"default","site-content-layout":"","ast-site-content-layout":"default","site-content-style":"default","site-sidebar-style":"default","ast-global-header-display":"","ast-banner-title-visibility":"","ast-main-header-display":"","ast-hfb-above-header-display":"","ast-hfb-below-header-display":"","ast-hfb-mobile-header-display":"","site-post-title":"","ast-breadcrumbs-content":"","ast-featured-img":"","footer-sml-layout":"","theme-transparent-header-meta":"","adv-header-id-meta":"","stick-header-meta":"","header-above-stick-meta":"","header-main-stick-meta":"","header-below-stick-meta":"","astra-migrate-meta-layouts":"set"},"categories":[4],"tags":[],"_links":{"self":[{"href":"https:\/\/www.grundschuleerichkaestner.de\/index.php?rest_route=\/wp\/v2\/posts\/1850"}],"collection":[{"href":"https:\/\/www.grundschuleerichkaestner.de\/index.php?rest_route=\/wp\/v2\/posts"}],"about":[{"href":"https:\/\/www.grundschuleerichkaestner.de\/index.php?rest_route=\/wp\/v2\/types\/post"}],"author":[{"embeddable":true,"href":"https:\/\/www.grundschuleerichkaestner.de\/index.php?rest_route=\/wp\/v2\/users\/3"}],"replies":[{"embeddable":true,"href":"https:\/\/www.grundschuleerichkaestner.de\/index.php?rest_route=%2Fwp%2Fv2%2Fcomments&post=1850"}],"version-history":[{"count":1,"href":"https:\/\/www.grundschuleerichkaestner.de\/index.php?rest_route=\/wp\/v2\/posts\/1850\/revisions"}],"predecessor-version":[{"id":1851,"href":"https:\/\/www.grundschuleerichkaestner.de\/index.php?rest_route=\/wp\/v2\/posts\/1850\/revisions\/1851"}],"wp:featuredmedia":[{"embeddable":true,"href":"https:\/\/www.grundschuleerichkaestner.de\/index.php?rest_route=\/wp\/v2\/media\/1852"}],"wp:attachment":[{"href":"https:\/\/www.grundschuleerichkaestner.de\/index.php?rest_route=%2Fwp%2Fv2%2Fmedia&parent=1850"}],"wp:term":[{"taxonomy":"category","embeddable":true,"href":"https:\/\/www.grundschuleerichkaestner.de\/index.php?rest_route=%2Fwp%2Fv2%2Fcategories&post=1850"},{"taxonomy":"post_tag","embeddable":true,"href":"https:\/\/www.grundschuleerichkaestner.de\/index.php?rest_route=%2Fwp%2Fv2%2Ftags&post=1850"}],"curies":[{"name":"wp","href":"https:\/\/api.w.org\/{rel}","templated":true}]}}