{"id":1788,"date":"2024-11-22T22:53:24","date_gmt":"2024-11-22T21:53:24","guid":{"rendered":"https:\/\/www.grundschuleerichkaestner.de\/?p=1788"},"modified":"2024-11-22T22:56:57","modified_gmt":"2024-11-22T21:56:57","slug":"bauarbeiten-ab-25-11-2024","status":"publish","type":"post","link":"https:\/\/www.grundschuleerichkaestner.de\/?p=1788","title":{"rendered":"Bauarbeiten ab 25.11.2024"},"content":{"rendered":"\n<p>Liebe Eltern,<br><br>ab 25.11.24 werden in der Erich K\u00e4stner Stra\u00dfe\/Ecke Fontanestra\u00dfe umfangreiche Bauarbeiten (Abwasser) stattfinden. Die Fontanestra\u00dfe wird zwischen Goethestra\u00dfe und Erich K\u00e4stner Stra\u00dfe voll gesperrt. Die Erich K\u00e4stner Stra\u00dfe wird ab Auffahrt Parkplatz\/Schule in Richtung Kaufland zur Einbahnstra\u00dfe. Wir bitten alle Kinder, die aus Richtung Goethestra\u00dfe\/ Neubaugebiet kommen, \u00fcber die Erich K\u00e4stner Stra\u00dfe (Kita Klein und Gro\u00df) zur Schule zu kommen. Die Fontanestra\u00dfe soll bitte, soweit m\u00f6glich, auch nicht von Fu\u00dfg\u00e4ngern genutzt werden, da auch die Gehwege nur eingeschr\u00e4nkt zu betreten sind (Unfallgefahr). Kinder, die vom Kanal mit dem Fahrrad kommen, nutzen bitte die Goethestra\u00dfe bis zur Ecke Hort\/Kita Klein&amp; Gro\u00df. Au\u00dferdem bitten wir alle Eltern ihre Kinder nicht mehr mit dem Auto zur Schule zu fahren. Der Parkplatz vor der Schule wird nur noch einseitig zu befahren sein und ist ausschlie\u00dflich den Angestellten der Schule vorbehalten. Diese Verkehrseinschr\u00e4nkungen betreffen nicht nur die Schule, sondern auch die umliegenden Anwohner. Deshalb bitten wir alle Eltern um Verst\u00e4ndnis und entsprechende R\u00fccksichtnahme. Die Einschr\u00e4nkungen werden sich voraussichtlich bis Mai 2025 hinziehen.\u00a0<br><br>F. Kristeleit<br>Schulleiter<\/p>\n","protected":false},"excerpt":{"rendered":"<p>Liebe Eltern, ab 25.11.24 werden in der Erich K\u00e4stner Stra\u00dfe\/Ecke Fontanestra\u00dfe umfangreiche Bauarbeiten (Abwasser) stattfinden. Die Fontanestra\u00dfe wird zwischen Goethestra\u00dfe und Erich K\u00e4stner Stra\u00dfe voll gesperrt. Die Erich K\u00e4stner Stra\u00dfe wird ab Auffahrt Parkplatz\/Schule in Richtung Kaufland zur Einbahnstra\u00dfe. Wir bitten alle Kinder, die aus Richtung Goethestra\u00dfe\/ Neubaugebiet kommen, \u00fcber die Erich K\u00e4stner Stra\u00dfe (Kita &hellip;<\/p>\n<p class=\"read-more\"> <a class=\"\" href=\"https:\/\/www.grundschuleerichkaestner.de\/?p=1788\"> <span class=\"screen-reader-text\">Bauarbeiten ab 25.11.2024<\/span> Weiterlesen \u00bb<\/a><\/p>\n","protected":false},"author":3,"featured_media":1790,"comment_status":"closed","ping_status":"","sticky":false,"template":"","format":"standard","meta":{"site-sidebar-layout":"default","site-content-layout":"","ast-site-content-layout":"default","site-content-style":"default","site-sidebar-style":"default","ast-global-header-display":"","ast-banner-title-visibility":"","ast-main-header-display":"","ast-hfb-above-header-display":"","ast-hfb-below-header-display":"","ast-hfb-mobile-header-display":"","site-post-title":"","ast-breadcrumbs-content":"","ast-featured-img":"","footer-sml-layout":"","theme-transparent-header-meta":"","adv-header-id-meta":"","stick-header-meta":"","header-above-stick-meta":"","header-main-stick-meta":"","header-below-stick-meta":"","astra-migrate-meta-layouts":"set"},"categories":[4],"tags":[],"_links":{"self":[{"href":"https:\/\/www.grundschuleerichkaestner.de\/index.php?rest_route=\/wp\/v2\/posts\/1788"}],"collection":[{"href":"https:\/\/www.grundschuleerichkaestner.de\/index.php?rest_route=\/wp\/v2\/posts"}],"about":[{"href":"https:\/\/www.grundschuleerichkaestner.de\/index.php?rest_route=\/wp\/v2\/types\/post"}],"author":[{"embeddable":true,"href":"https:\/\/www.grundschuleerichkaestner.de\/index.php?rest_route=\/wp\/v2\/users\/3"}],"replies":[{"embeddable":true,"href":"https:\/\/www.grundschuleerichkaestner.de\/index.php?rest_route=%2Fwp%2Fv2%2Fcomments&post=1788"}],"version-history":[{"count":3,"href":"https:\/\/www.grundschuleerichkaestner.de\/index.php?rest_route=\/wp\/v2\/posts\/1788\/revisions"}],"predecessor-version":[{"id":1792,"href":"https:\/\/www.grundschuleerichkaestner.de\/index.php?rest_route=\/wp\/v2\/posts\/1788\/revisions\/1792"}],"wp:featuredmedia":[{"embeddable":true,"href":"https:\/\/www.grundschuleerichkaestner.de\/index.php?rest_route=\/wp\/v2\/media\/1790"}],"wp:attachment":[{"href":"https:\/\/www.grundschuleerichkaestner.de\/index.php?rest_route=%2Fwp%2Fv2%2Fmedia&parent=1788"}],"wp:term":[{"taxonomy":"category","embeddable":true,"href":"https:\/\/www.grundschuleerichkaestner.de\/index.php?rest_route=%2Fwp%2Fv2%2Fcategories&post=1788"},{"taxonomy":"post_tag","embeddable":true,"href":"https:\/\/www.grundschuleerichkaestner.de\/index.php?rest_route=%2Fwp%2Fv2%2Ftags&post=1788"}],"curies":[{"name":"wp","href":"https:\/\/api.w.org\/{rel}","templated":true}]}}