{"id":155,"date":"2023-03-10T17:39:00","date_gmt":"2023-03-10T16:39:00","guid":{"rendered":"http:\/\/wp.grundschuleerichkaestner.de\/?p=155"},"modified":"2023-06-11T21:37:14","modified_gmt":"2023-06-11T19:37:14","slug":"emils-neue-detektive","status":"publish","type":"post","link":"https:\/\/www.grundschuleerichkaestner.de\/?p=155","title":{"rendered":"Emils neue Detektive"},"content":{"rendered":"\n<p>Am 8. M\u00e4rz 2023 machte die Klasse 4c einen Ausflug nach Berlin, um sich auf die Spuren Erich K\u00e4stners zu begeben. Zuvor hatten wir seinen Roman &#8220;Emil und die Detektive&#8221; ausf\u00fchrlich im Unterricht behandelt. Wir starteten am Bahnhof Zoologischer Garten, wo im Buch Emil aus dem Zug ausstieg, um den Eisenbahndieb zu verfolgen, der ihm kurz zuvor im Schlaf 140 Mark gestohlen hatte. Dort trafen wir unsere Reisef\u00fchrerin, die mit uns s\u00e4mtliche Stationen der wilden Verfolgungsjagd aufsuchte und viele Hintergrundinformationen f\u00fcr uns hatte. Wir fuhren zur ber\u00fchmten Litfa\u00dfs\u00e4ule, hinter der Emil sich versteckt hatte, um den Dieb in einem Caf\u00e9 zu beobachten. Wir besuchten den Nikolsburger Platz in Sch\u00f6neberg, wo Emil mit seiner Jungsbande jeden Schritt des Herrn Grundeis verfolgte. Schlie\u00dflich fanden wir sogar das Hotel, in dem der Dieb sich versteckt hatte, und fragten an der Rezeption nach ihm. Leider war Herr Grundeis schon verschwunden, aber er hatte seinen Hut vergessen, in dem sogar noch die Nadel steckte &#8211; ein wichtiges Beweisst\u00fcck bei seiner \u00dcberf\u00fchrung! Zufrieden mit unseren gro\u00dfen Erfolg traten wir de Heimreise an. <\/p>\n\n\n\n<figure class=\"wp-block-gallery has-nested-images columns-default is-cropped wp-block-gallery-1 is-layout-flex\">\n<figure class=\"wp-block-image size-large\"><img decoding=\"async\" loading=\"lazy\" width=\"768\" height=\"1024\" data-id=\"159\"  src=\"https:\/\/www.grundschuleerichkaestner.de\/wp-content\/uploads\/2023\/05\/IMG_20230308_094948-scaled-1-768x1024.jpg\" alt=\"\" class=\"wp-image-159\" srcset=\"https:\/\/www.grundschuleerichkaestner.de\/wp-content\/uploads\/2023\/05\/IMG_20230308_094948-scaled-1-768x1024.jpg 768w, https:\/\/www.grundschuleerichkaestner.de\/wp-content\/uploads\/2023\/05\/IMG_20230308_094948-scaled-1-225x300.jpg 225w, https:\/\/www.grundschuleerichkaestner.de\/wp-content\/uploads\/2023\/05\/IMG_20230308_094948-scaled-1-1152x1536.jpg 1152w, https:\/\/www.grundschuleerichkaestner.de\/wp-content\/uploads\/2023\/05\/IMG_20230308_094948-scaled-1-1536x2048.jpg 1536w, https:\/\/www.grundschuleerichkaestner.de\/wp-content\/uploads\/2023\/05\/IMG_20230308_094948-scaled-1.jpg 1920w\" sizes=\"(max-width: 768px) 100vw, 768px\" \/><\/figure>\n\n\n\n<figure class=\"wp-block-image size-large\"><img decoding=\"async\" loading=\"lazy\" width=\"768\" height=\"1024\" data-id=\"160\"  src=\"https:\/\/www.grundschuleerichkaestner.de\/wp-content\/uploads\/2023\/05\/IMG_20230308_102756-scaled-1-768x1024.jpg\" alt=\"\" class=\"wp-image-160\" srcset=\"https:\/\/www.grundschuleerichkaestner.de\/wp-content\/uploads\/2023\/05\/IMG_20230308_102756-scaled-1-768x1024.jpg 768w, https:\/\/www.grundschuleerichkaestner.de\/wp-content\/uploads\/2023\/05\/IMG_20230308_102756-scaled-1-225x300.jpg 225w, https:\/\/www.grundschuleerichkaestner.de\/wp-content\/uploads\/2023\/05\/IMG_20230308_102756-scaled-1-1152x1536.jpg 1152w, https:\/\/www.grundschuleerichkaestner.de\/wp-content\/uploads\/2023\/05\/IMG_20230308_102756-scaled-1-1536x2048.jpg 1536w, https:\/\/www.grundschuleerichkaestner.de\/wp-content\/uploads\/2023\/05\/IMG_20230308_102756-scaled-1.jpg 1920w\" sizes=\"(max-width: 768px) 100vw, 768px\" \/><\/figure>\n\n\n\n<figure class=\"wp-block-image size-large\"><img decoding=\"async\" loading=\"lazy\" width=\"1024\" height=\"768\" data-id=\"157\"  src=\"https:\/\/www.grundschuleerichkaestner.de\/wp-content\/uploads\/2023\/05\/IMG_20230308_102825-scaled-1-1024x768.jpg\" alt=\"\" class=\"wp-image-157\" srcset=\"https:\/\/www.grundschuleerichkaestner.de\/wp-content\/uploads\/2023\/05\/IMG_20230308_102825-scaled-1-1024x768.jpg 1024w, https:\/\/www.grundschuleerichkaestner.de\/wp-content\/uploads\/2023\/05\/IMG_20230308_102825-scaled-1-300x225.jpg 300w, https:\/\/www.grundschuleerichkaestner.de\/wp-content\/uploads\/2023\/05\/IMG_20230308_102825-scaled-1-768x576.jpg 768w, https:\/\/www.grundschuleerichkaestner.de\/wp-content\/uploads\/2023\/05\/IMG_20230308_102825-scaled-1-1536x1152.jpg 1536w, https:\/\/www.grundschuleerichkaestner.de\/wp-content\/uploads\/2023\/05\/IMG_20230308_102825-scaled-1-2048x1536.jpg 2048w\" sizes=\"(max-width: 1024px) 100vw, 1024px\" \/><\/figure>\n\n\n\n<figure class=\"wp-block-image size-large\"><img decoding=\"async\" loading=\"lazy\" width=\"768\" height=\"1024\" data-id=\"158\"  src=\"https:\/\/www.grundschuleerichkaestner.de\/wp-content\/uploads\/2023\/05\/IMG_20230308_110553-scaled-1-768x1024.jpg\" alt=\"\" class=\"wp-image-158\" srcset=\"https:\/\/www.grundschuleerichkaestner.de\/wp-content\/uploads\/2023\/05\/IMG_20230308_110553-scaled-1-768x1024.jpg 768w, https:\/\/www.grundschuleerichkaestner.de\/wp-content\/uploads\/2023\/05\/IMG_20230308_110553-scaled-1-225x300.jpg 225w, https:\/\/www.grundschuleerichkaestner.de\/wp-content\/uploads\/2023\/05\/IMG_20230308_110553-scaled-1-1152x1536.jpg 1152w, https:\/\/www.grundschuleerichkaestner.de\/wp-content\/uploads\/2023\/05\/IMG_20230308_110553-scaled-1-1536x2048.jpg 1536w, https:\/\/www.grundschuleerichkaestner.de\/wp-content\/uploads\/2023\/05\/IMG_20230308_110553-scaled-1.jpg 1920w\" sizes=\"(max-width: 768px) 100vw, 768px\" \/><\/figure>\n\n\n\n<figure class=\"wp-block-image size-large\"><img decoding=\"async\" loading=\"lazy\" width=\"768\" height=\"1024\" data-id=\"161\"  src=\"https:\/\/www.grundschuleerichkaestner.de\/wp-content\/uploads\/2023\/05\/IMG_20230308_110821-scaled-1-768x1024.jpg\" alt=\"\" class=\"wp-image-161\" srcset=\"https:\/\/www.grundschuleerichkaestner.de\/wp-content\/uploads\/2023\/05\/IMG_20230308_110821-scaled-1-768x1024.jpg 768w, https:\/\/www.grundschuleerichkaestner.de\/wp-content\/uploads\/2023\/05\/IMG_20230308_110821-scaled-1-225x300.jpg 225w, https:\/\/www.grundschuleerichkaestner.de\/wp-content\/uploads\/2023\/05\/IMG_20230308_110821-scaled-1-1152x1536.jpg 1152w, https:\/\/www.grundschuleerichkaestner.de\/wp-content\/uploads\/2023\/05\/IMG_20230308_110821-scaled-1-1536x2048.jpg 1536w, https:\/\/www.grundschuleerichkaestner.de\/wp-content\/uploads\/2023\/05\/IMG_20230308_110821-scaled-1.jpg 1920w\" sizes=\"(max-width: 768px) 100vw, 768px\" \/><\/figure>\n\n\n\n<figure class=\"wp-block-image size-large\"><img decoding=\"async\" loading=\"lazy\" width=\"768\" height=\"1024\" data-id=\"156\"  src=\"https:\/\/www.grundschuleerichkaestner.de\/wp-content\/uploads\/2023\/05\/IMG_20230308_110823-1-scaled-1-768x1024.jpg\" alt=\"\" class=\"wp-image-156\" srcset=\"https:\/\/www.grundschuleerichkaestner.de\/wp-content\/uploads\/2023\/05\/IMG_20230308_110823-1-scaled-1-768x1024.jpg 768w, https:\/\/www.grundschuleerichkaestner.de\/wp-content\/uploads\/2023\/05\/IMG_20230308_110823-1-scaled-1-225x300.jpg 225w, https:\/\/www.grundschuleerichkaestner.de\/wp-content\/uploads\/2023\/05\/IMG_20230308_110823-1-scaled-1-1152x1536.jpg 1152w, https:\/\/www.grundschuleerichkaestner.de\/wp-content\/uploads\/2023\/05\/IMG_20230308_110823-1-scaled-1-1536x2048.jpg 1536w, https:\/\/www.grundschuleerichkaestner.de\/wp-content\/uploads\/2023\/05\/IMG_20230308_110823-1-scaled-1.jpg 1920w\" sizes=\"(max-width: 768px) 100vw, 768px\" \/><\/figure>\n<\/figure>\n","protected":false},"excerpt":{"rendered":"<p>Am 8. M\u00e4rz 2023 machte die Klasse 4c einen Ausflug nach Berlin, um sich auf die Spuren Erich K\u00e4stners zu begeben. Zuvor hatten wir seinen Roman &#8220;Emil und die Detektive&#8221; ausf\u00fchrlich im Unterricht behandelt. Wir starteten am Bahnhof Zoologischer Garten, wo im Buch Emil aus dem Zug ausstieg, um den Eisenbahndieb zu verfolgen, der ihm &hellip;<\/p>\n<p class=\"read-more\"> <a class=\"\" href=\"https:\/\/www.grundschuleerichkaestner.de\/?p=155\"> <span class=\"screen-reader-text\">Emils neue Detektive<\/span> Weiterlesen \u00bb<\/a><\/p>\n","protected":false},"author":4,"featured_media":163,"comment_status":"closed","ping_status":"","sticky":false,"template":"","format":"standard","meta":{"site-sidebar-layout":"default","site-content-layout":"","ast-site-content-layout":"","site-content-style":"default","site-sidebar-style":"default","ast-global-header-display":"","ast-banner-title-visibility":"","ast-main-header-display":"","ast-hfb-above-header-display":"","ast-hfb-below-header-display":"","ast-hfb-mobile-header-display":"","site-post-title":"","ast-breadcrumbs-content":"","ast-featured-img":"","footer-sml-layout":"","theme-transparent-header-meta":"","adv-header-id-meta":"","stick-header-meta":"","header-above-stick-meta":"","header-main-stick-meta":"","header-below-stick-meta":"","astra-migrate-meta-layouts":""},"categories":[6],"tags":[],"_links":{"self":[{"href":"https:\/\/www.grundschuleerichkaestner.de\/index.php?rest_route=\/wp\/v2\/posts\/155"}],"collection":[{"href":"https:\/\/www.grundschuleerichkaestner.de\/index.php?rest_route=\/wp\/v2\/posts"}],"about":[{"href":"https:\/\/www.grundschuleerichkaestner.de\/index.php?rest_route=\/wp\/v2\/types\/post"}],"author":[{"embeddable":true,"href":"https:\/\/www.grundschuleerichkaestner.de\/index.php?rest_route=\/wp\/v2\/users\/4"}],"replies":[{"embeddable":true,"href":"https:\/\/www.grundschuleerichkaestner.de\/index.php?rest_route=%2Fwp%2Fv2%2Fcomments&post=155"}],"version-history":[{"count":1,"href":"https:\/\/www.grundschuleerichkaestner.de\/index.php?rest_route=\/wp\/v2\/posts\/155\/revisions"}],"predecessor-version":[{"id":162,"href":"https:\/\/www.grundschuleerichkaestner.de\/index.php?rest_route=\/wp\/v2\/posts\/155\/revisions\/162"}],"wp:featuredmedia":[{"embeddable":true,"href":"https:\/\/www.grundschuleerichkaestner.de\/index.php?rest_route=\/wp\/v2\/media\/163"}],"wp:attachment":[{"href":"https:\/\/www.grundschuleerichkaestner.de\/index.php?rest_route=%2Fwp%2Fv2%2Fmedia&parent=155"}],"wp:term":[{"taxonomy":"category","embeddable":true,"href":"https:\/\/www.grundschuleerichkaestner.de\/index.php?rest_route=%2Fwp%2Fv2%2Fcategories&post=155"},{"taxonomy":"post_tag","embeddable":true,"href":"https:\/\/www.grundschuleerichkaestner.de\/index.php?rest_route=%2Fwp%2Fv2%2Ftags&post=155"}],"curies":[{"name":"wp","href":"https:\/\/api.w.org\/{rel}","templated":true}]}}