{"id":1441,"date":"2024-04-30T12:56:00","date_gmt":"2024-04-30T10:56:00","guid":{"rendered":"https:\/\/www.grundschuleerichkaestner.de\/?p=1441"},"modified":"2024-05-22T13:09:25","modified_gmt":"2024-05-22T11:09:25","slug":"the-big-challenge","status":"publish","type":"post","link":"https:\/\/www.grundschuleerichkaestner.de\/?p=1441","title":{"rendered":"The Big Challenge"},"content":{"rendered":"\n<p>Ende April war es wieder soweit: Unsere F\u00fcnft- und Sechstkl\u00e4ssler &#8211; und in diesem Jahr erstmalig sogar einige Viertkl\u00e4ssler &#8211; stellten sich einer gro\u00dfen Herausforderung: &#8220;The Big Challenge&#8221;. <br><br>Dieser Englisch-Wettbewerb erm\u00f6glicht es den Kindern seit vielen Jahren, Fortschritte beim Erlernen der Fremdsprache zu machen und dabei Spa\u00df zu haben. Der Test besteht aus einem Bogen mit ca. 45 Fragen nach dem Multiple-Choice-Verfahren. Die Fragen betreffen die Bereiche Leseverstehen, Wortschatz, Grammatik, Aussprache und Landeskunde. Jeder Sch\u00fcler bekommt, unabh\u00e4ngig von seinem Platz in der Rangliste, ein Big Challenge-Diplom und ein kleines Geschenk. Je nach Platzierung der einzelnen Sch\u00fcler auf den Ranglisten werden pro Schule, pro Bundesland und bundesweit viele weitere Preise verliehen.&nbsp;Gesponsert wurde die Teilnahme auch diesmal wieder durch unseren F\u00f6rderverein.<br><br>Wir haben im Unterricht und zuhause flei\u00dfig ge\u00fcbt f\u00fcr den Wettbewerb und freuen uns schon auf die Ergebnisse, die uns Ende Juni erreichen werden &#8211; und nat\u00fcrlich auch auf die tollen Preise. \ud83d\ude42<\/p>\n","protected":false},"excerpt":{"rendered":"<p>Ende April war es wieder soweit: Unsere F\u00fcnft- und Sechstkl\u00e4ssler &#8211; und in diesem Jahr erstmalig sogar einige Viertkl\u00e4ssler &#8211; stellten sich einer gro\u00dfen Herausforderung: &#8220;The Big Challenge&#8221;. Dieser Englisch-Wettbewerb erm\u00f6glicht es den Kindern seit vielen Jahren, Fortschritte beim Erlernen der Fremdsprache zu machen und dabei Spa\u00df zu haben. Der Test besteht aus einem Bogen &hellip;<\/p>\n<p class=\"read-more\"> <a class=\"\" href=\"https:\/\/www.grundschuleerichkaestner.de\/?p=1441\"> <span class=\"screen-reader-text\">The Big Challenge<\/span> Weiterlesen \u00bb<\/a><\/p>\n","protected":false},"author":3,"featured_media":1440,"comment_status":"closed","ping_status":"","sticky":false,"template":"","format":"standard","meta":{"site-sidebar-layout":"default","site-content-layout":"","ast-site-content-layout":"default","site-content-style":"default","site-sidebar-style":"default","ast-global-header-display":"","ast-banner-title-visibility":"","ast-main-header-display":"","ast-hfb-above-header-display":"","ast-hfb-below-header-display":"","ast-hfb-mobile-header-display":"","site-post-title":"","ast-breadcrumbs-content":"","ast-featured-img":"","footer-sml-layout":"","theme-transparent-header-meta":"","adv-header-id-meta":"","stick-header-meta":"","header-above-stick-meta":"","header-main-stick-meta":"","header-below-stick-meta":"","astra-migrate-meta-layouts":"set"},"categories":[16,6],"tags":[],"_links":{"self":[{"href":"https:\/\/www.grundschuleerichkaestner.de\/index.php?rest_route=\/wp\/v2\/posts\/1441"}],"collection":[{"href":"https:\/\/www.grundschuleerichkaestner.de\/index.php?rest_route=\/wp\/v2\/posts"}],"about":[{"href":"https:\/\/www.grundschuleerichkaestner.de\/index.php?rest_route=\/wp\/v2\/types\/post"}],"author":[{"embeddable":true,"href":"https:\/\/www.grundschuleerichkaestner.de\/index.php?rest_route=\/wp\/v2\/users\/3"}],"replies":[{"embeddable":true,"href":"https:\/\/www.grundschuleerichkaestner.de\/index.php?rest_route=%2Fwp%2Fv2%2Fcomments&post=1441"}],"version-history":[{"count":2,"href":"https:\/\/www.grundschuleerichkaestner.de\/index.php?rest_route=\/wp\/v2\/posts\/1441\/revisions"}],"predecessor-version":[{"id":1443,"href":"https:\/\/www.grundschuleerichkaestner.de\/index.php?rest_route=\/wp\/v2\/posts\/1441\/revisions\/1443"}],"wp:featuredmedia":[{"embeddable":true,"href":"https:\/\/www.grundschuleerichkaestner.de\/index.php?rest_route=\/wp\/v2\/media\/1440"}],"wp:attachment":[{"href":"https:\/\/www.grundschuleerichkaestner.de\/index.php?rest_route=%2Fwp%2Fv2%2Fmedia&parent=1441"}],"wp:term":[{"taxonomy":"category","embeddable":true,"href":"https:\/\/www.grundschuleerichkaestner.de\/index.php?rest_route=%2Fwp%2Fv2%2Fcategories&post=1441"},{"taxonomy":"post_tag","embeddable":true,"href":"https:\/\/www.grundschuleerichkaestner.de\/index.php?rest_route=%2Fwp%2Fv2%2Ftags&post=1441"}],"curies":[{"name":"wp","href":"https:\/\/api.w.org\/{rel}","templated":true}]}}