{"id":1398,"date":"2024-04-25T16:00:00","date_gmt":"2024-04-25T14:00:00","guid":{"rendered":"https:\/\/www.grundschuleerichkaestner.de\/?p=1398"},"modified":"2024-04-26T23:06:12","modified_gmt":"2024-04-26T21:06:12","slug":"unser-schulkrimi","status":"publish","type":"post","link":"https:\/\/www.grundschuleerichkaestner.de\/?p=1398","title":{"rendered":"Unser Schulkrimi"},"content":{"rendered":"\n<p>Vom 11.03.2024 bis zum 15.03.2024 fand eine Projektwoche in unserer Schule statt. Die Theater&amp;Musik-AG unter Leitung von Frau Ulrich und Frau Gie\u00dfmann haben eine Kriminalkom\u00f6die einstudiert. Unser Krimi hie\u00df: \u201eIm Falle eines Falles.\u201c Es geht um die 4 F\u00e4lle auf der B\u00fchne. Wir haben unser B\u00fchnenbild und unsere Kost\u00fcme alleine gestaltet. Auch die musikalische Begleitung wurde von uns selbst zusammengestellt. Um unseren Krimi auf die B\u00fchne zu bringen, \u00fcbten wir bereits seit Beginn des Schuljahres. Wir h\u00e4tten nicht gedacht, dass Theaterspielen so anstrengend sein kann und von uns eine besondere Leistung abverlangt. Da alle Kinder so toll in ihre Rollen geschl\u00fcpft sind, konnten wir das St\u00fcck sogar am Donnerstag und am Freitag vor Eltern, der Schulleitung und Sch\u00fclern der Schule auff\u00fchren. Unser Theaterst\u00fcck war ein gro\u00dfer Erfolg und hat uns allen sehr viel Spa\u00df bereitet. Wir sind schon richtig gespannt auf unser neues St\u00fcck.<br><br>Julia und Leni<br>24.04.2024<\/p>\n\n\n\n<figure class=\"wp-block-gallery has-nested-images columns-default is-cropped wp-block-gallery-1 is-layout-flex\">\n<figure class=\"wp-block-image size-large\"><img decoding=\"async\" loading=\"lazy\" width=\"768\" height=\"1024\" data-id=\"1401\"  src=\"https:\/\/www.grundschuleerichkaestner.de\/wp-content\/uploads\/2024\/04\/WhatsApp-Image-2024-04-24-at-14.45.41-768x1024.jpeg\" alt=\"\" class=\"wp-image-1401\" srcset=\"https:\/\/www.grundschuleerichkaestner.de\/wp-content\/uploads\/2024\/04\/WhatsApp-Image-2024-04-24-at-14.45.41-768x1024.jpeg 768w, https:\/\/www.grundschuleerichkaestner.de\/wp-content\/uploads\/2024\/04\/WhatsApp-Image-2024-04-24-at-14.45.41-225x300.jpeg 225w, https:\/\/www.grundschuleerichkaestner.de\/wp-content\/uploads\/2024\/04\/WhatsApp-Image-2024-04-24-at-14.45.41-1152x1536.jpeg 1152w, https:\/\/www.grundschuleerichkaestner.de\/wp-content\/uploads\/2024\/04\/WhatsApp-Image-2024-04-24-at-14.45.41.jpeg 1200w\" sizes=\"(max-width: 768px) 100vw, 768px\" \/><\/figure>\n\n\n\n<figure class=\"wp-block-image size-large\"><img decoding=\"async\" loading=\"lazy\" width=\"768\" height=\"1024\" data-id=\"1402\"  src=\"https:\/\/www.grundschuleerichkaestner.de\/wp-content\/uploads\/2024\/04\/WhatsApp-Image-2024-04-24-at-14.45.42-1-768x1024.jpeg\" alt=\"\" class=\"wp-image-1402\" srcset=\"https:\/\/www.grundschuleerichkaestner.de\/wp-content\/uploads\/2024\/04\/WhatsApp-Image-2024-04-24-at-14.45.42-1-768x1024.jpeg 768w, https:\/\/www.grundschuleerichkaestner.de\/wp-content\/uploads\/2024\/04\/WhatsApp-Image-2024-04-24-at-14.45.42-1-225x300.jpeg 225w, https:\/\/www.grundschuleerichkaestner.de\/wp-content\/uploads\/2024\/04\/WhatsApp-Image-2024-04-24-at-14.45.42-1-1152x1536.jpeg 1152w, https:\/\/www.grundschuleerichkaestner.de\/wp-content\/uploads\/2024\/04\/WhatsApp-Image-2024-04-24-at-14.45.42-1.jpeg 1200w\" sizes=\"(max-width: 768px) 100vw, 768px\" \/><\/figure>\n\n\n\n<figure class=\"wp-block-image size-large\"><img decoding=\"async\" loading=\"lazy\" width=\"768\" height=\"1024\" data-id=\"1403\"  src=\"https:\/\/www.grundschuleerichkaestner.de\/wp-content\/uploads\/2024\/04\/WhatsApp-Image-2024-04-24-at-14.45.42-768x1024.jpeg\" alt=\"\" class=\"wp-image-1403\" srcset=\"https:\/\/www.grundschuleerichkaestner.de\/wp-content\/uploads\/2024\/04\/WhatsApp-Image-2024-04-24-at-14.45.42-768x1024.jpeg 768w, https:\/\/www.grundschuleerichkaestner.de\/wp-content\/uploads\/2024\/04\/WhatsApp-Image-2024-04-24-at-14.45.42-225x300.jpeg 225w, https:\/\/www.grundschuleerichkaestner.de\/wp-content\/uploads\/2024\/04\/WhatsApp-Image-2024-04-24-at-14.45.42-1152x1536.jpeg 1152w, https:\/\/www.grundschuleerichkaestner.de\/wp-content\/uploads\/2024\/04\/WhatsApp-Image-2024-04-24-at-14.45.42.jpeg 1200w\" sizes=\"(max-width: 768px) 100vw, 768px\" \/><\/figure>\n\n\n\n<figure class=\"wp-block-image size-large\"><img decoding=\"async\" loading=\"lazy\" width=\"768\" height=\"1024\" data-id=\"1405\"  src=\"https:\/\/www.grundschuleerichkaestner.de\/wp-content\/uploads\/2024\/04\/WhatsApp-Image-2024-04-24-at-14.45.43-768x1024.jpeg\" alt=\"\" class=\"wp-image-1405\" srcset=\"https:\/\/www.grundschuleerichkaestner.de\/wp-content\/uploads\/2024\/04\/WhatsApp-Image-2024-04-24-at-14.45.43-768x1024.jpeg 768w, https:\/\/www.grundschuleerichkaestner.de\/wp-content\/uploads\/2024\/04\/WhatsApp-Image-2024-04-24-at-14.45.43-225x300.jpeg 225w, https:\/\/www.grundschuleerichkaestner.de\/wp-content\/uploads\/2024\/04\/WhatsApp-Image-2024-04-24-at-14.45.43-1152x1536.jpeg 1152w, https:\/\/www.grundschuleerichkaestner.de\/wp-content\/uploads\/2024\/04\/WhatsApp-Image-2024-04-24-at-14.45.43.jpeg 1200w\" sizes=\"(max-width: 768px) 100vw, 768px\" \/><\/figure>\n\n\n\n<figure class=\"wp-block-image size-large\"><img decoding=\"async\" loading=\"lazy\" width=\"1024\" height=\"768\" data-id=\"1406\"  src=\"https:\/\/www.grundschuleerichkaestner.de\/wp-content\/uploads\/2024\/04\/WhatsApp-Image-2024-04-24-at-14.45.44-1-1024x768.jpeg\" alt=\"\" class=\"wp-image-1406\" srcset=\"https:\/\/www.grundschuleerichkaestner.de\/wp-content\/uploads\/2024\/04\/WhatsApp-Image-2024-04-24-at-14.45.44-1-1024x768.jpeg 1024w, https:\/\/www.grundschuleerichkaestner.de\/wp-content\/uploads\/2024\/04\/WhatsApp-Image-2024-04-24-at-14.45.44-1-300x225.jpeg 300w, https:\/\/www.grundschuleerichkaestner.de\/wp-content\/uploads\/2024\/04\/WhatsApp-Image-2024-04-24-at-14.45.44-1-768x576.jpeg 768w, https:\/\/www.grundschuleerichkaestner.de\/wp-content\/uploads\/2024\/04\/WhatsApp-Image-2024-04-24-at-14.45.44-1-1536x1152.jpeg 1536w, https:\/\/www.grundschuleerichkaestner.de\/wp-content\/uploads\/2024\/04\/WhatsApp-Image-2024-04-24-at-14.45.44-1.jpeg 2048w\" sizes=\"(max-width: 1024px) 100vw, 1024px\" \/><\/figure>\n\n\n\n<figure class=\"wp-block-image size-large\"><img decoding=\"async\" loading=\"lazy\" width=\"768\" height=\"1024\" data-id=\"1407\"  src=\"https:\/\/www.grundschuleerichkaestner.de\/wp-content\/uploads\/2024\/04\/WhatsApp-Image-2024-04-24-at-14.45.44-768x1024.jpeg\" alt=\"\" class=\"wp-image-1407\" srcset=\"https:\/\/www.grundschuleerichkaestner.de\/wp-content\/uploads\/2024\/04\/WhatsApp-Image-2024-04-24-at-14.45.44-768x1024.jpeg 768w, https:\/\/www.grundschuleerichkaestner.de\/wp-content\/uploads\/2024\/04\/WhatsApp-Image-2024-04-24-at-14.45.44-225x300.jpeg 225w, https:\/\/www.grundschuleerichkaestner.de\/wp-content\/uploads\/2024\/04\/WhatsApp-Image-2024-04-24-at-14.45.44-1152x1536.jpeg 1152w, https:\/\/www.grundschuleerichkaestner.de\/wp-content\/uploads\/2024\/04\/WhatsApp-Image-2024-04-24-at-14.45.44.jpeg 1536w\" sizes=\"(max-width: 768px) 100vw, 768px\" \/><\/figure>\n<\/figure>\n","protected":false},"excerpt":{"rendered":"<p>Vom 11.03.2024 bis zum 15.03.2024 fand eine Projektwoche in unserer Schule statt. Die Theater&amp;Musik-AG unter Leitung von Frau Ulrich und Frau Gie\u00dfmann haben eine Kriminalkom\u00f6die einstudiert. Unser Krimi hie\u00df: \u201eIm Falle eines Falles.\u201c Es geht um die 4 F\u00e4lle auf der B\u00fchne. Wir haben unser B\u00fchnenbild und unsere Kost\u00fcme alleine gestaltet. Auch die musikalische Begleitung &hellip;<\/p>\n<p class=\"read-more\"> <a class=\"\" href=\"https:\/\/www.grundschuleerichkaestner.de\/?p=1398\"> <span class=\"screen-reader-text\">Unser Schulkrimi<\/span> Weiterlesen \u00bb<\/a><\/p>\n","protected":false},"author":3,"featured_media":1404,"comment_status":"closed","ping_status":"","sticky":false,"template":"","format":"standard","meta":{"site-sidebar-layout":"default","site-content-layout":"","ast-site-content-layout":"default","site-content-style":"default","site-sidebar-style":"default","ast-global-header-display":"","ast-banner-title-visibility":"","ast-main-header-display":"","ast-hfb-above-header-display":"","ast-hfb-below-header-display":"","ast-hfb-mobile-header-display":"","site-post-title":"","ast-breadcrumbs-content":"","ast-featured-img":"","footer-sml-layout":"","theme-transparent-header-meta":"","adv-header-id-meta":"","stick-header-meta":"","header-above-stick-meta":"","header-main-stick-meta":"","header-below-stick-meta":"","astra-migrate-meta-layouts":"set"},"categories":[6],"tags":[],"_links":{"self":[{"href":"https:\/\/www.grundschuleerichkaestner.de\/index.php?rest_route=\/wp\/v2\/posts\/1398"}],"collection":[{"href":"https:\/\/www.grundschuleerichkaestner.de\/index.php?rest_route=\/wp\/v2\/posts"}],"about":[{"href":"https:\/\/www.grundschuleerichkaestner.de\/index.php?rest_route=\/wp\/v2\/types\/post"}],"author":[{"embeddable":true,"href":"https:\/\/www.grundschuleerichkaestner.de\/index.php?rest_route=\/wp\/v2\/users\/3"}],"replies":[{"embeddable":true,"href":"https:\/\/www.grundschuleerichkaestner.de\/index.php?rest_route=%2Fwp%2Fv2%2Fcomments&post=1398"}],"version-history":[{"count":5,"href":"https:\/\/www.grundschuleerichkaestner.de\/index.php?rest_route=\/wp\/v2\/posts\/1398\/revisions"}],"predecessor-version":[{"id":1411,"href":"https:\/\/www.grundschuleerichkaestner.de\/index.php?rest_route=\/wp\/v2\/posts\/1398\/revisions\/1411"}],"wp:featuredmedia":[{"embeddable":true,"href":"https:\/\/www.grundschuleerichkaestner.de\/index.php?rest_route=\/wp\/v2\/media\/1404"}],"wp:attachment":[{"href":"https:\/\/www.grundschuleerichkaestner.de\/index.php?rest_route=%2Fwp%2Fv2%2Fmedia&parent=1398"}],"wp:term":[{"taxonomy":"category","embeddable":true,"href":"https:\/\/www.grundschuleerichkaestner.de\/index.php?rest_route=%2Fwp%2Fv2%2Fcategories&post=1398"},{"taxonomy":"post_tag","embeddable":true,"href":"https:\/\/www.grundschuleerichkaestner.de\/index.php?rest_route=%2Fwp%2Fv2%2Ftags&post=1398"}],"curies":[{"name":"wp","href":"https:\/\/api.w.org\/{rel}","templated":true}]}}